{"id":732,"date":"2025-05-21T18:11:08","date_gmt":"2025-05-21T16:11:08","guid":{"rendered":"https:\/\/tesetcapital.com\/teset-capital-launches-triceleris-a-neutral-fibre-optic-operator-to-boost-digital-connectivity-in-rural-areas-copy-4\/"},"modified":"2025-09-15T15:58:40","modified_gmt":"2025-09-15T13:58:40","slug":"triceleris-nombra-a-carlos-quilez-nuevo-ceo-para-impulsar-su-plan-de-crecimiento-y-expansion-de-red","status":"publish","type":"post","link":"https:\/\/tesetcapital.com\/es\/triceleris-nombra-a-carlos-quilez-nuevo-ceo-para-impulsar-su-plan-de-crecimiento-y-expansion-de-red\/","title":{"rendered":"Tric\u00e9leris nombra a Carlos Qu\u00edlez nuevo CEO para impulsar su plan de crecimiento y expansi\u00f3n de red"},"content":{"rendered":"<p class=\"p1\"><span class=\"s1\">Tric\u00e9leris, operador neutral de redes FTTH (Fiber to theHome) participado por T\u00e9set Capital, ha nombrado a Carlos Qu\u00edlez nuevo CEO de la compa\u00f1\u00eda en un momento clave de su plan estrat\u00e9gico que contempla su desarrollo a <\/span><span class=\"s1\">trav\u00e9s de adquisiciones y despliegues de red propios.<\/span><\/p>\n<p class=\"p1\"><span class=\"s1\">Con una carrera de m\u00e1s de 30 a\u00f1os en el sector de telecomunicaciones y experiencia en la direcci\u00f3n comercial, grandes cuentas y transformaci\u00f3n organizacional en compa\u00f1\u00edas como Vodafone, Opencable o Airtel, Carlos Qu\u00edlez liderar\u00e1 la pr\u00f3xima fase de crecimiento de Tric\u00e9leris, cuyo objetivo es superar el mill\u00f3n de hogares pasados en los pr\u00f3ximos a\u00f1os.<\/span><\/p>\n<p class=\"p1\"><span class=\"s1\">Carlos Qu\u00edlez ha destacado que \u201ctenemos por delante el reto de seguir fortaleciendo nuestra red y ofrecer un servicio altamente especializado y totalmente adaptado a las necesidades de nuestros clientes donde prime la calidad. En un momento en el que los operadores locales est\u00e1n jugando un papel cada vez m\u00e1s relevante en el mercado de las<\/span><\/p>\n<p class=\"p1\"><span class=\"s1\">telecomunicaciones, desde Tric\u00e9leris queremos acompa\u00f1arlos y contribuir a una conectividad m\u00e1s accesible y eficiente en toda Espa\u00f1a. Nuestro objetivo es consolidar aTric\u00e9leris como un actor de referencia en el mercado espa\u00f1ol de infraestructuras FTTH\u201d.<\/span><\/p>\n<p class=\"p1\"><span class=\"s1\">Tric\u00e9leris est\u00e1 creando una infraestructura preparada para los retos tecnol\u00f3gicos del futuro y para impulsar la inclusi\u00f3n digital en toda Espa\u00f1a. Su condici\u00f3n de operador neutral posibilita a sus clientes, proveedores de servicios de Internet locales, escalar r\u00e1pidamente sus servicios, mejorando la cobertura sin necesidad de realizar inversiones significativas<\/span><\/p>\n<p class=\"p1\"><span class=\"s1\">Desde su lanzamiento en 2024, Tric\u00e9leris ha ejecutado adquisiciones de redes locales y ha impulsado despliegues org\u00e1nicos que le han permitido alcanzar cerca de 350.000 hogares pasados en m\u00e1s de 160 municipios de Espa\u00f1a. La compa\u00f1\u00eda centra su actividad en el desarrollo de infraestructuras digitales de alta calidad, facilitando a operadores de<\/span><\/p>\n<p class=\"p1\"><span class=\"s1\">telecomunicaciones locales el acceso a redes de fibra \u00f3ptica sin necesidad de fuertes inversiones. Tric\u00e9leris est\u00e1 reforzando su presencia en seis regiones clave de Espa\u00f1a: Andaluc\u00eda, Canarias, Comunidad de Madrid, Comunidad Valenciana, Castilla-La Mancha y La Rioja.<\/span><\/p>\n<p class=\"p1\"><span class=\"s1\">Carlos Qu\u00edlez es Ingeniero de Telecomunicaciones por La Salle Bonanova, centro adscrito a la Universidad Ram\u00f3n Llull de Barcelona. Cuenta con un Executive M\u00e1ster por la Escuela de Negocios de la EOI, un M\u00e1ster en Direcci\u00f3n Comercial por la FUNDESEM Business School y un MBA Internacional por La Salle, finalizado en el Manhattan College de Nueva York (EEUU).<\/span><\/p>\n","protected":false},"excerpt":{"rendered":"<p>La incorporaci\u00f3n de Carlos Qu\u00edlez refuerza el equipo directivo de Tric\u00e9leris en un momento clave de su estrategia de consolidaci\u00f3n y crecimiento.<\/p>\n","protected":false},"author":1,"featured_media":726,"comment_status":"open","ping_status":"open","sticky":false,"template":"","format":"standard","meta":{"_acf_changed":false,"footnotes":""},"categories":[1],"tags":[],"class_list":["post-732","post","type-post","status-publish","format-standard","has-post-thumbnail","hentry","category-sin-categoria"],"acf":[],"yoast_head":"<!-- This site is optimized with the Yoast SEO plugin v25.4 - https:\/\/yoast.com\/wordpress\/plugins\/seo\/ -->\n<title>Tric\u00e9leris nombra a Carlos Qu\u00edlez nuevo CEO<\/title>\n<meta name=\"description\" content=\"Carlos Qu\u00edlez liderar\u00e1 Tric\u00e9leris como operador neutral FTTH, con el objetivo de superar el mill\u00f3n de hogares conectados en Espa\u00f1a.\" \/>\n<meta name=\"robots\" content=\"index, follow, max-snippet:-1, max-image-preview:large, max-video-preview:-1\" \/>\n<link rel=\"canonical\" href=\"https:\/\/tesetcapital.com\/es\/triceleris-nombra-a-carlos-quilez-nuevo-ceo-para-impulsar-su-plan-de-crecimiento-y-expansion-de-red\/\" \/>\n<meta property=\"og:locale\" content=\"es_ES\" \/>\n<meta property=\"og:type\" content=\"article\" \/>\n<meta property=\"og:title\" content=\"Tric\u00e9leris nombra a Carlos Qu\u00edlez nuevo CEO\" \/>\n<meta property=\"og:description\" content=\"Carlos Qu\u00edlez liderar\u00e1 Tric\u00e9leris como operador neutral FTTH, con el objetivo de superar el mill\u00f3n de hogares conectados en Espa\u00f1a.\" \/>\n<meta property=\"og:url\" content=\"https:\/\/tesetcapital.com\/es\/triceleris-nombra-a-carlos-quilez-nuevo-ceo-para-impulsar-su-plan-de-crecimiento-y-expansion-de-red\/\" \/>\n<meta property=\"og:site_name\" content=\"Teset Capital\" \/>\n<meta property=\"article:published_time\" content=\"2025-05-21T16:11:08+00:00\" \/>\n<meta property=\"article:modified_time\" content=\"2025-09-15T13:58:40+00:00\" \/>\n<meta property=\"og:image\" content=\"https:\/\/tesetcapital.com\/wp-content\/uploads\/2025\/05\/IMG_250521-Triceeleris-Nombramiento-CEO.jpg\" \/>\n\t<meta property=\"og:image:width\" content=\"1280\" \/>\n\t<meta property=\"og:image:height\" content=\"720\" \/>\n\t<meta property=\"og:image:type\" content=\"image\/jpeg\" \/>\n<meta name=\"author\" content=\"admin\" \/>\n<meta name=\"twitter:card\" content=\"summary_large_image\" \/>\n<meta name=\"twitter:label1\" content=\"Escrito por\" \/>\n\t<meta name=\"twitter:data1\" content=\"admin\" \/>\n\t<meta name=\"twitter:label2\" content=\"Tiempo de lectura\" \/>\n\t<meta name=\"twitter:data2\" content=\"2 minutos\" \/>\n<script type=\"application\/ld+json\" class=\"yoast-schema-graph\">{\"@context\":\"https:\/\/schema.org\",\"@graph\":[{\"@type\":\"Article\",\"@id\":\"https:\/\/tesetcapital.com\/es\/triceleris-nombra-a-carlos-quilez-nuevo-ceo-para-impulsar-su-plan-de-crecimiento-y-expansion-de-red\/#article\",\"isPartOf\":{\"@id\":\"https:\/\/tesetcapital.com\/es\/triceleris-nombra-a-carlos-quilez-nuevo-ceo-para-impulsar-su-plan-de-crecimiento-y-expansion-de-red\/\"},\"author\":{\"name\":\"admin\",\"@id\":\"https:\/\/tesetcapital.com\/#\/schema\/person\/9cf8c1e89f36b09f87f0ce94e2891b33\"},\"headline\":\"Tric\u00e9leris nombra a Carlos Qu\u00edlez nuevo CEO para impulsar su plan de crecimiento y expansi\u00f3n de red\",\"datePublished\":\"2025-05-21T16:11:08+00:00\",\"dateModified\":\"2025-09-15T13:58:40+00:00\",\"mainEntityOfPage\":{\"@id\":\"https:\/\/tesetcapital.com\/es\/triceleris-nombra-a-carlos-quilez-nuevo-ceo-para-impulsar-su-plan-de-crecimiento-y-expansion-de-red\/\"},\"wordCount\":445,\"commentCount\":0,\"publisher\":{\"@id\":\"https:\/\/tesetcapital.com\/#organization\"},\"image\":{\"@id\":\"https:\/\/tesetcapital.com\/es\/triceleris-nombra-a-carlos-quilez-nuevo-ceo-para-impulsar-su-plan-de-crecimiento-y-expansion-de-red\/#primaryimage\"},\"thumbnailUrl\":\"https:\/\/tesetcapital.com\/wp-content\/uploads\/2025\/05\/IMG_250521-Triceeleris-Nombramiento-CEO.jpg\",\"inLanguage\":\"es\",\"potentialAction\":[{\"@type\":\"CommentAction\",\"name\":\"Comment\",\"target\":[\"https:\/\/tesetcapital.com\/es\/triceleris-nombra-a-carlos-quilez-nuevo-ceo-para-impulsar-su-plan-de-crecimiento-y-expansion-de-red\/#respond\"]}]},{\"@type\":\"WebPage\",\"@id\":\"https:\/\/tesetcapital.com\/es\/triceleris-nombra-a-carlos-quilez-nuevo-ceo-para-impulsar-su-plan-de-crecimiento-y-expansion-de-red\/\",\"url\":\"https:\/\/tesetcapital.com\/es\/triceleris-nombra-a-carlos-quilez-nuevo-ceo-para-impulsar-su-plan-de-crecimiento-y-expansion-de-red\/\",\"name\":\"Tric\u00e9leris nombra a Carlos Qu\u00edlez nuevo CEO\",\"isPartOf\":{\"@id\":\"https:\/\/tesetcapital.com\/#website\"},\"primaryImageOfPage\":{\"@id\":\"https:\/\/tesetcapital.com\/es\/triceleris-nombra-a-carlos-quilez-nuevo-ceo-para-impulsar-su-plan-de-crecimiento-y-expansion-de-red\/#primaryimage\"},\"image\":{\"@id\":\"https:\/\/tesetcapital.com\/es\/triceleris-nombra-a-carlos-quilez-nuevo-ceo-para-impulsar-su-plan-de-crecimiento-y-expansion-de-red\/#primaryimage\"},\"thumbnailUrl\":\"https:\/\/tesetcapital.com\/wp-content\/uploads\/2025\/05\/IMG_250521-Triceeleris-Nombramiento-CEO.jpg\",\"datePublished\":\"2025-05-21T16:11:08+00:00\",\"dateModified\":\"2025-09-15T13:58:40+00:00\",\"description\":\"Carlos Qu\u00edlez liderar\u00e1 Tric\u00e9leris como operador neutral FTTH, con el objetivo de superar el mill\u00f3n de hogares conectados en Espa\u00f1a.\",\"breadcrumb\":{\"@id\":\"https:\/\/tesetcapital.com\/es\/triceleris-nombra-a-carlos-quilez-nuevo-ceo-para-impulsar-su-plan-de-crecimiento-y-expansion-de-red\/#breadcrumb\"},\"inLanguage\":\"es\",\"potentialAction\":[{\"@type\":\"ReadAction\",\"target\":[\"https:\/\/tesetcapital.com\/es\/triceleris-nombra-a-carlos-quilez-nuevo-ceo-para-impulsar-su-plan-de-crecimiento-y-expansion-de-red\/\"]}]},{\"@type\":\"ImageObject\",\"inLanguage\":\"es\",\"@id\":\"https:\/\/tesetcapital.com\/es\/triceleris-nombra-a-carlos-quilez-nuevo-ceo-para-impulsar-su-plan-de-crecimiento-y-expansion-de-red\/#primaryimage\",\"url\":\"https:\/\/tesetcapital.com\/wp-content\/uploads\/2025\/05\/IMG_250521-Triceeleris-Nombramiento-CEO.jpg\",\"contentUrl\":\"https:\/\/tesetcapital.com\/wp-content\/uploads\/2025\/05\/IMG_250521-Triceeleris-Nombramiento-CEO.jpg\",\"width\":1280,\"height\":720},{\"@type\":\"BreadcrumbList\",\"@id\":\"https:\/\/tesetcapital.com\/es\/triceleris-nombra-a-carlos-quilez-nuevo-ceo-para-impulsar-su-plan-de-crecimiento-y-expansion-de-red\/#breadcrumb\",\"itemListElement\":[{\"@type\":\"ListItem\",\"position\":1,\"name\":\"Home\",\"item\":\"https:\/\/tesetcapital.com\/es\/\"},{\"@type\":\"ListItem\",\"position\":2,\"name\":\"Tric\u00e9leris nombra a Carlos Qu\u00edlez nuevo CEO para impulsar su plan de crecimiento y expansi\u00f3n de red\"}]},{\"@type\":\"WebSite\",\"@id\":\"https:\/\/tesetcapital.com\/#website\",\"url\":\"https:\/\/tesetcapital.com\/\",\"name\":\"Teset Capital\",\"description\":\"\",\"publisher\":{\"@id\":\"https:\/\/tesetcapital.com\/#organization\"},\"potentialAction\":[{\"@type\":\"SearchAction\",\"target\":{\"@type\":\"EntryPoint\",\"urlTemplate\":\"https:\/\/tesetcapital.com\/?s={search_term_string}\"},\"query-input\":{\"@type\":\"PropertyValueSpecification\",\"valueRequired\":true,\"valueName\":\"search_term_string\"}}],\"inLanguage\":\"es\"},{\"@type\":\"Organization\",\"@id\":\"https:\/\/tesetcapital.com\/#organization\",\"name\":\"Teset Capital\",\"url\":\"https:\/\/tesetcapital.com\/\",\"logo\":{\"@type\":\"ImageObject\",\"inLanguage\":\"es\",\"@id\":\"https:\/\/tesetcapital.com\/#\/schema\/logo\/image\/\",\"url\":\"https:\/\/tesetcapital.com\/wp-content\/uploads\/2025\/06\/Teset_logo.jpg\",\"contentUrl\":\"https:\/\/tesetcapital.com\/wp-content\/uploads\/2025\/06\/Teset_logo.jpg\",\"width\":1200,\"height\":630,\"caption\":\"Teset Capital\"},\"image\":{\"@id\":\"https:\/\/tesetcapital.com\/#\/schema\/logo\/image\/\"}},{\"@type\":\"Person\",\"@id\":\"https:\/\/tesetcapital.com\/#\/schema\/person\/9cf8c1e89f36b09f87f0ce94e2891b33\",\"name\":\"admin\",\"image\":{\"@type\":\"ImageObject\",\"inLanguage\":\"es\",\"@id\":\"https:\/\/tesetcapital.com\/#\/schema\/person\/image\/\",\"url\":\"https:\/\/secure.gravatar.com\/avatar\/d578e0573dd99fc1b63532c829a2023c6131009cf3ea45541e2078410b622db8?s=96&d=mm&r=g\",\"contentUrl\":\"https:\/\/secure.gravatar.com\/avatar\/d578e0573dd99fc1b63532c829a2023c6131009cf3ea45541e2078410b622db8?s=96&d=mm&r=g\",\"caption\":\"admin\"},\"sameAs\":[\"https:\/\/tesetcapital.com\"]}]}<\/script>\n<!-- \/ Yoast SEO plugin. -->","yoast_head_json":{"title":"Tric\u00e9leris nombra a Carlos Qu\u00edlez nuevo CEO","description":"Carlos Qu\u00edlez liderar\u00e1 Tric\u00e9leris como operador neutral FTTH, con el objetivo de superar el mill\u00f3n de hogares conectados en Espa\u00f1a.","robots":{"index":"index","follow":"follow","max-snippet":"max-snippet:-1","max-image-preview":"max-image-preview:large","max-video-preview":"max-video-preview:-1"},"canonical":"https:\/\/tesetcapital.com\/es\/triceleris-nombra-a-carlos-quilez-nuevo-ceo-para-impulsar-su-plan-de-crecimiento-y-expansion-de-red\/","og_locale":"es_ES","og_type":"article","og_title":"Tric\u00e9leris nombra a Carlos Qu\u00edlez nuevo CEO","og_description":"Carlos Qu\u00edlez liderar\u00e1 Tric\u00e9leris como operador neutral FTTH, con el objetivo de superar el mill\u00f3n de hogares conectados en Espa\u00f1a.","og_url":"https:\/\/tesetcapital.com\/es\/triceleris-nombra-a-carlos-quilez-nuevo-ceo-para-impulsar-su-plan-de-crecimiento-y-expansion-de-red\/","og_site_name":"Teset Capital","article_published_time":"2025-05-21T16:11:08+00:00","article_modified_time":"2025-09-15T13:58:40+00:00","og_image":[{"width":1280,"height":720,"url":"https:\/\/tesetcapital.com\/wp-content\/uploads\/2025\/05\/IMG_250521-Triceeleris-Nombramiento-CEO.jpg","type":"image\/jpeg"}],"author":"admin","twitter_card":"summary_large_image","twitter_misc":{"Escrito por":"admin","Tiempo de lectura":"2 minutos"},"schema":{"@context":"https:\/\/schema.org","@graph":[{"@type":"Article","@id":"https:\/\/tesetcapital.com\/es\/triceleris-nombra-a-carlos-quilez-nuevo-ceo-para-impulsar-su-plan-de-crecimiento-y-expansion-de-red\/#article","isPartOf":{"@id":"https:\/\/tesetcapital.com\/es\/triceleris-nombra-a-carlos-quilez-nuevo-ceo-para-impulsar-su-plan-de-crecimiento-y-expansion-de-red\/"},"author":{"name":"admin","@id":"https:\/\/tesetcapital.com\/#\/schema\/person\/9cf8c1e89f36b09f87f0ce94e2891b33"},"headline":"Tric\u00e9leris nombra a Carlos Qu\u00edlez nuevo CEO para impulsar su plan de crecimiento y expansi\u00f3n de red","datePublished":"2025-05-21T16:11:08+00:00","dateModified":"2025-09-15T13:58:40+00:00","mainEntityOfPage":{"@id":"https:\/\/tesetcapital.com\/es\/triceleris-nombra-a-carlos-quilez-nuevo-ceo-para-impulsar-su-plan-de-crecimiento-y-expansion-de-red\/"},"wordCount":445,"commentCount":0,"publisher":{"@id":"https:\/\/tesetcapital.com\/#organization"},"image":{"@id":"https:\/\/tesetcapital.com\/es\/triceleris-nombra-a-carlos-quilez-nuevo-ceo-para-impulsar-su-plan-de-crecimiento-y-expansion-de-red\/#primaryimage"},"thumbnailUrl":"https:\/\/tesetcapital.com\/wp-content\/uploads\/2025\/05\/IMG_250521-Triceeleris-Nombramiento-CEO.jpg","inLanguage":"es","potentialAction":[{"@type":"CommentAction","name":"Comment","target":["https:\/\/tesetcapital.com\/es\/triceleris-nombra-a-carlos-quilez-nuevo-ceo-para-impulsar-su-plan-de-crecimiento-y-expansion-de-red\/#respond"]}]},{"@type":"WebPage","@id":"https:\/\/tesetcapital.com\/es\/triceleris-nombra-a-carlos-quilez-nuevo-ceo-para-impulsar-su-plan-de-crecimiento-y-expansion-de-red\/","url":"https:\/\/tesetcapital.com\/es\/triceleris-nombra-a-carlos-quilez-nuevo-ceo-para-impulsar-su-plan-de-crecimiento-y-expansion-de-red\/","name":"Tric\u00e9leris nombra a Carlos Qu\u00edlez nuevo CEO","isPartOf":{"@id":"https:\/\/tesetcapital.com\/#website"},"primaryImageOfPage":{"@id":"https:\/\/tesetcapital.com\/es\/triceleris-nombra-a-carlos-quilez-nuevo-ceo-para-impulsar-su-plan-de-crecimiento-y-expansion-de-red\/#primaryimage"},"image":{"@id":"https:\/\/tesetcapital.com\/es\/triceleris-nombra-a-carlos-quilez-nuevo-ceo-para-impulsar-su-plan-de-crecimiento-y-expansion-de-red\/#primaryimage"},"thumbnailUrl":"https:\/\/tesetcapital.com\/wp-content\/uploads\/2025\/05\/IMG_250521-Triceeleris-Nombramiento-CEO.jpg","datePublished":"2025-05-21T16:11:08+00:00","dateModified":"2025-09-15T13:58:40+00:00","description":"Carlos Qu\u00edlez liderar\u00e1 Tric\u00e9leris como operador neutral FTTH, con el objetivo de superar el mill\u00f3n de hogares conectados en Espa\u00f1a.","breadcrumb":{"@id":"https:\/\/tesetcapital.com\/es\/triceleris-nombra-a-carlos-quilez-nuevo-ceo-para-impulsar-su-plan-de-crecimiento-y-expansion-de-red\/#breadcrumb"},"inLanguage":"es","potentialAction":[{"@type":"ReadAction","target":["https:\/\/tesetcapital.com\/es\/triceleris-nombra-a-carlos-quilez-nuevo-ceo-para-impulsar-su-plan-de-crecimiento-y-expansion-de-red\/"]}]},{"@type":"ImageObject","inLanguage":"es","@id":"https:\/\/tesetcapital.com\/es\/triceleris-nombra-a-carlos-quilez-nuevo-ceo-para-impulsar-su-plan-de-crecimiento-y-expansion-de-red\/#primaryimage","url":"https:\/\/tesetcapital.com\/wp-content\/uploads\/2025\/05\/IMG_250521-Triceeleris-Nombramiento-CEO.jpg","contentUrl":"https:\/\/tesetcapital.com\/wp-content\/uploads\/2025\/05\/IMG_250521-Triceeleris-Nombramiento-CEO.jpg","width":1280,"height":720},{"@type":"BreadcrumbList","@id":"https:\/\/tesetcapital.com\/es\/triceleris-nombra-a-carlos-quilez-nuevo-ceo-para-impulsar-su-plan-de-crecimiento-y-expansion-de-red\/#breadcrumb","itemListElement":[{"@type":"ListItem","position":1,"name":"Home","item":"https:\/\/tesetcapital.com\/es\/"},{"@type":"ListItem","position":2,"name":"Tric\u00e9leris nombra a Carlos Qu\u00edlez nuevo CEO para impulsar su plan de crecimiento y expansi\u00f3n de red"}]},{"@type":"WebSite","@id":"https:\/\/tesetcapital.com\/#website","url":"https:\/\/tesetcapital.com\/","name":"Teset Capital","description":"","publisher":{"@id":"https:\/\/tesetcapital.com\/#organization"},"potentialAction":[{"@type":"SearchAction","target":{"@type":"EntryPoint","urlTemplate":"https:\/\/tesetcapital.com\/?s={search_term_string}"},"query-input":{"@type":"PropertyValueSpecification","valueRequired":true,"valueName":"search_term_string"}}],"inLanguage":"es"},{"@type":"Organization","@id":"https:\/\/tesetcapital.com\/#organization","name":"Teset Capital","url":"https:\/\/tesetcapital.com\/","logo":{"@type":"ImageObject","inLanguage":"es","@id":"https:\/\/tesetcapital.com\/#\/schema\/logo\/image\/","url":"https:\/\/tesetcapital.com\/wp-content\/uploads\/2025\/06\/Teset_logo.jpg","contentUrl":"https:\/\/tesetcapital.com\/wp-content\/uploads\/2025\/06\/Teset_logo.jpg","width":1200,"height":630,"caption":"Teset Capital"},"image":{"@id":"https:\/\/tesetcapital.com\/#\/schema\/logo\/image\/"}},{"@type":"Person","@id":"https:\/\/tesetcapital.com\/#\/schema\/person\/9cf8c1e89f36b09f87f0ce94e2891b33","name":"admin","image":{"@type":"ImageObject","inLanguage":"es","@id":"https:\/\/tesetcapital.com\/#\/schema\/person\/image\/","url":"https:\/\/secure.gravatar.com\/avatar\/d578e0573dd99fc1b63532c829a2023c6131009cf3ea45541e2078410b622db8?s=96&d=mm&r=g","contentUrl":"https:\/\/secure.gravatar.com\/avatar\/d578e0573dd99fc1b63532c829a2023c6131009cf3ea45541e2078410b622db8?s=96&d=mm&r=g","caption":"admin"},"sameAs":["https:\/\/tesetcapital.com"]}]}},"_links":{"self":[{"href":"https:\/\/tesetcapital.com\/es\/wp-json\/wp\/v2\/posts\/732","targetHints":{"allow":["GET"]}}],"collection":[{"href":"https:\/\/tesetcapital.com\/es\/wp-json\/wp\/v2\/posts"}],"about":[{"href":"https:\/\/tesetcapital.com\/es\/wp-json\/wp\/v2\/types\/post"}],"author":[{"embeddable":true,"href":"https:\/\/tesetcapital.com\/es\/wp-json\/wp\/v2\/users\/1"}],"replies":[{"embeddable":true,"href":"https:\/\/tesetcapital.com\/es\/wp-json\/wp\/v2\/comments?post=732"}],"version-history":[{"count":5,"href":"https:\/\/tesetcapital.com\/es\/wp-json\/wp\/v2\/posts\/732\/revisions"}],"predecessor-version":[{"id":1516,"href":"https:\/\/tesetcapital.com\/es\/wp-json\/wp\/v2\/posts\/732\/revisions\/1516"}],"wp:featuredmedia":[{"embeddable":true,"href":"https:\/\/tesetcapital.com\/es\/wp-json\/wp\/v2\/media\/726"}],"wp:attachment":[{"href":"https:\/\/tesetcapital.com\/es\/wp-json\/wp\/v2\/media?parent=732"}],"wp:term":[{"taxonomy":"category","embeddable":true,"href":"https:\/\/tesetcapital.com\/es\/wp-json\/wp\/v2\/categories?post=732"},{"taxonomy":"post_tag","embeddable":true,"href":"https:\/\/tesetcapital.com\/es\/wp-json\/wp\/v2\/tags?post=732"}],"curies":[{"name":"wp","href":"https:\/\/api.w.org\/{rel}","templated":true}]}}